{"id":3746,"date":"2025-09-10T10:12:58","date_gmt":"2025-09-10T08:12:58","guid":{"rendered":"https:\/\/cvl.ovh\/?p=3746"},"modified":"2025-09-10T10:12:59","modified_gmt":"2025-09-10T08:12:59","slug":"rando-vtt-de-coueron","status":"publish","type":"post","link":"https:\/\/cvl.ovh\/index.php\/2025\/09\/10\/rando-vtt-de-coueron\/","title":{"rendered":"Rando VTT de Cou\u00ebron"},"content":{"rendered":"\n<figure class=\"wp-block-image size-large is-resized\"><img loading=\"lazy\" decoding=\"async\" width=\"1024\" height=\"768\" src=\"https:\/\/cvl.ovh\/wp-content\/uploads\/2025\/09\/Rando-1024x768.jpeg\" alt=\"\" class=\"wp-image-3747\" style=\"width:603px;height:auto\" srcset=\"https:\/\/cvl.ovh\/wp-content\/uploads\/2025\/09\/Rando-1024x768.jpeg 1024w, https:\/\/cvl.ovh\/wp-content\/uploads\/2025\/09\/Rando-300x225.jpeg 300w, https:\/\/cvl.ovh\/wp-content\/uploads\/2025\/09\/Rando-768x576.jpeg 768w, https:\/\/cvl.ovh\/wp-content\/uploads\/2025\/09\/Rando-1536x1152.jpeg 1536w, https:\/\/cvl.ovh\/wp-content\/uploads\/2025\/09\/Rando-863x647.jpeg 863w, https:\/\/cvl.ovh\/wp-content\/uploads\/2025\/09\/Rando-144x108.jpeg 144w, https:\/\/cvl.ovh\/wp-content\/uploads\/2025\/09\/Rando-1320x990.jpeg 1320w, https:\/\/cvl.ovh\/wp-content\/uploads\/2025\/09\/Rando.jpeg 2000w\" sizes=\"auto, (max-width: 1024px) 100vw, 1024px\" \/><\/figure>\n\n\n\n<p>Dimanche 7 septembre, c&rsquo;\u00e9tait sortie VTT \u00e0 Cou\u00ebron.\u00a0<\/p>\n\n\n\n<p>Rando agr\u00e9able avec de nombreux sentiers entre les marais et les sillons.<\/p>\n\n\n\n<p>Notre choix s&rsquo;est port\u00e9 sur le circuit de 47 km pour un d\u00e9nivel\u00e9 de 476 m.\u00a0Sans grande difficult\u00e9 technique, le terrain restait amusant \u00e0 pratiquer.\u00a0<\/p>\n\n\n\n<p>Au total, 230 VTT ont particip\u00e9, sur 669 inscrits. On a m\u00eame eu droit \u00e0 un petit discours du maire de Cou\u00ebron \u00e0 la fin \ud83d\ude42<\/p>\n\n\n\n<p>Une organisation au top, bravo au club de Cou\u00ebron !<\/p>\n\n\n\n<p>Fred et Mathieu<\/p>\n","protected":false},"excerpt":{"rendered":"<p>Dimanche 7 septembre, c&rsquo;\u00e9tait sortie VTT \u00e0 Cou\u00ebron.\u00a0 Rando agr\u00e9able avec de nombreux sentiers entre les marais et les sillons. Notre choix s&rsquo;est port\u00e9 sur le circuit de 47 km pour un d\u00e9nivel\u00e9 de 476 m.\u00a0Sans grande difficult\u00e9 technique, le terrain restait amusant \u00e0 pratiquer.\u00a0 Au total, 230 VTT ont particip\u00e9, sur 669 inscrits. On &hellip; <a href=\"https:\/\/cvl.ovh\/index.php\/2025\/09\/10\/rando-vtt-de-coueron\/\" class=\"more-link\">Continuer de lire <span class=\"screen-reader-text\">Rando VTT de Cou\u00ebron<\/span><\/a><\/p>\n","protected":false},"author":1356,"featured_media":0,"comment_status":"open","ping_status":"open","sticky":false,"template":"","format":"standard","meta":{"_bbp_topic_count":0,"_bbp_reply_count":0,"_bbp_total_topic_count":0,"_bbp_total_reply_count":0,"_bbp_voice_count":0,"_bbp_anonymous_reply_count":0,"_bbp_topic_count_hidden":0,"_bbp_reply_count_hidden":0,"_bbp_forum_subforum_count":0,"footnotes":""},"categories":[1],"tags":[],"class_list":["post-3746","post","type-post","status-publish","format-standard","hentry","category-non-classe"],"_links":{"self":[{"href":"https:\/\/cvl.ovh\/index.php\/wp-json\/wp\/v2\/posts\/3746","targetHints":{"allow":["GET"]}}],"collection":[{"href":"https:\/\/cvl.ovh\/index.php\/wp-json\/wp\/v2\/posts"}],"about":[{"href":"https:\/\/cvl.ovh\/index.php\/wp-json\/wp\/v2\/types\/post"}],"author":[{"embeddable":true,"href":"https:\/\/cvl.ovh\/index.php\/wp-json\/wp\/v2\/users\/1356"}],"replies":[{"embeddable":true,"href":"https:\/\/cvl.ovh\/index.php\/wp-json\/wp\/v2\/comments?post=3746"}],"version-history":[{"count":1,"href":"https:\/\/cvl.ovh\/index.php\/wp-json\/wp\/v2\/posts\/3746\/revisions"}],"predecessor-version":[{"id":3748,"href":"https:\/\/cvl.ovh\/index.php\/wp-json\/wp\/v2\/posts\/3746\/revisions\/3748"}],"wp:attachment":[{"href":"https:\/\/cvl.ovh\/index.php\/wp-json\/wp\/v2\/media?parent=3746"}],"wp:term":[{"taxonomy":"category","embeddable":true,"href":"https:\/\/cvl.ovh\/index.php\/wp-json\/wp\/v2\/categories?post=3746"},{"taxonomy":"post_tag","embeddable":true,"href":"https:\/\/cvl.ovh\/index.php\/wp-json\/wp\/v2\/tags?post=3746"}],"curies":[{"name":"wp","href":"https:\/\/api.w.org\/{rel}","templated":true}]}}