{"id":3723,"date":"2025-09-02T10:44:25","date_gmt":"2025-09-02T08:44:25","guid":{"rendered":"https:\/\/cvl.ovh\/?p=3723"},"modified":"2025-09-02T10:44:26","modified_gmt":"2025-09-02T08:44:26","slug":"les-vttistes-a-lassaut-de-la-passportes-2025","status":"publish","type":"post","link":"https:\/\/cvl.ovh\/index.php\/2025\/09\/02\/les-vttistes-a-lassaut-de-la-passportes-2025\/","title":{"rendered":"les VTTistes \u00e0 l&rsquo;assaut de la Pass&rsquo;Portes 2025"},"content":{"rendered":"\n<p>Le samedi 28 juin dernier, 8 VTTistes du CVL ont travers\u00e9 la France pour participer \u00e0 la <a href=\"https:\/\/www.passportesdusoleil.com\/\" data-type=\"link\" data-id=\"https:\/\/www.passportesdusoleil.com\/\">Pass&rsquo;Portes<\/a>, randonn\u00e9e VTT localis\u00e9e dans le domaine des Portes du soleil regroupant 12 stations entre la France et la Suisse. <\/p>\n\n\n\n<figure class=\"wp-block-gallery has-nested-images columns-default is-cropped wp-block-gallery-1 is-layout-flex wp-block-gallery-is-layout-flex\">\n<figure class=\"wp-block-image size-large\"><img loading=\"lazy\" decoding=\"async\" width=\"1024\" height=\"768\" data-id=\"3731\" src=\"https:\/\/cvl.ovh\/wp-content\/uploads\/2025\/09\/Montage-1024x768.jpeg\" alt=\"\" class=\"wp-image-3731\" srcset=\"https:\/\/cvl.ovh\/wp-content\/uploads\/2025\/09\/Montage-1024x768.jpeg 1024w, https:\/\/cvl.ovh\/wp-content\/uploads\/2025\/09\/Montage-300x225.jpeg 300w, https:\/\/cvl.ovh\/wp-content\/uploads\/2025\/09\/Montage-768x576.jpeg 768w, https:\/\/cvl.ovh\/wp-content\/uploads\/2025\/09\/Montage-1536x1152.jpeg 1536w, https:\/\/cvl.ovh\/wp-content\/uploads\/2025\/09\/Montage-863x647.jpeg 863w, https:\/\/cvl.ovh\/wp-content\/uploads\/2025\/09\/Montage-144x108.jpeg 144w, https:\/\/cvl.ovh\/wp-content\/uploads\/2025\/09\/Montage-1320x990.jpeg 1320w, https:\/\/cvl.ovh\/wp-content\/uploads\/2025\/09\/Montage.jpeg 2000w\" sizes=\"auto, (max-width: 1024px) 100vw, 1024px\" \/><\/figure>\n<\/figure>\n\n\n\n<p>Cette sortie a permis de conjuguer descente VTT et parcours nature en montagne. <\/p>\n\n\n\n<p>Outre le plaisir du VTT et les somptueux paysages d\u00e9couverts \u00e0 cette occasion, ce fut aussi un moment gourmand, les ravitaillements proposant des sp\u00e9cialit\u00e9s locales (tartiflette, fondue au chocolat, &#8230;).<\/p>\n\n\n\n<p>Une longue journ\u00e9e sur le v\u00e9lo mais un plaisir partag\u00e9 par tous. Ils recherchent d\u00e9j\u00e0 une nouvelle destination pour 2026 !<\/p>\n\n\n\n<p><strong>Quelques chiffres<\/strong> :<\/p>\n\n\n\n<ul class=\"wp-block-list\">\n<li>105 km parcourus  : \n<ul class=\"wp-block-list\">\n<li>80 km de descente dont une grande partie en Bike Park<\/li>\n\n\n\n<li>25 km de mont\u00e9e<\/li>\n<\/ul>\n<\/li>\n\n\n\n<li>1 100 m de d\u00e9nivel\u00e9 positif et plus de 6 000 m de d\u00e9nivel\u00e9 n\u00e9gatif<\/li>\n\n\n\n<li>D\u00e9couverte de 8 stations : Avoriaz, Morzine, Les Gets, Ch\u00e2tel et en Suisse : Champ\u00e9ry, Morgins, Les Lindarets<\/li>\n<\/ul>\n\n\n\n<p><\/p>\n","protected":false},"excerpt":{"rendered":"<p>Le samedi 28 juin dernier, 8 VTTistes du CVL ont travers\u00e9 la France pour participer \u00e0 la Pass&rsquo;Portes, randonn\u00e9e VTT localis\u00e9e dans le domaine des Portes du soleil regroupant 12 stations entre la France et la Suisse. Cette sortie a permis de conjuguer descente VTT et parcours nature en montagne. Outre le plaisir du VTT &hellip; <a href=\"https:\/\/cvl.ovh\/index.php\/2025\/09\/02\/les-vttistes-a-lassaut-de-la-passportes-2025\/\" class=\"more-link\">Continuer de lire <span class=\"screen-reader-text\">les VTTistes \u00e0 l&rsquo;assaut de la Pass&rsquo;Portes 2025<\/span><\/a><\/p>\n","protected":false},"author":1356,"featured_media":0,"comment_status":"open","ping_status":"open","sticky":false,"template":"","format":"standard","meta":{"_bbp_topic_count":0,"_bbp_reply_count":0,"_bbp_total_topic_count":0,"_bbp_total_reply_count":0,"_bbp_voice_count":0,"_bbp_anonymous_reply_count":0,"_bbp_topic_count_hidden":0,"_bbp_reply_count_hidden":0,"_bbp_forum_subforum_count":0,"footnotes":""},"categories":[1],"tags":[],"class_list":["post-3723","post","type-post","status-publish","format-standard","hentry","category-non-classe"],"_links":{"self":[{"href":"https:\/\/cvl.ovh\/index.php\/wp-json\/wp\/v2\/posts\/3723","targetHints":{"allow":["GET"]}}],"collection":[{"href":"https:\/\/cvl.ovh\/index.php\/wp-json\/wp\/v2\/posts"}],"about":[{"href":"https:\/\/cvl.ovh\/index.php\/wp-json\/wp\/v2\/types\/post"}],"author":[{"embeddable":true,"href":"https:\/\/cvl.ovh\/index.php\/wp-json\/wp\/v2\/users\/1356"}],"replies":[{"embeddable":true,"href":"https:\/\/cvl.ovh\/index.php\/wp-json\/wp\/v2\/comments?post=3723"}],"version-history":[{"count":7,"href":"https:\/\/cvl.ovh\/index.php\/wp-json\/wp\/v2\/posts\/3723\/revisions"}],"predecessor-version":[{"id":3733,"href":"https:\/\/cvl.ovh\/index.php\/wp-json\/wp\/v2\/posts\/3723\/revisions\/3733"}],"wp:attachment":[{"href":"https:\/\/cvl.ovh\/index.php\/wp-json\/wp\/v2\/media?parent=3723"}],"wp:term":[{"taxonomy":"category","embeddable":true,"href":"https:\/\/cvl.ovh\/index.php\/wp-json\/wp\/v2\/categories?post=3723"},{"taxonomy":"post_tag","embeddable":true,"href":"https:\/\/cvl.ovh\/index.php\/wp-json\/wp\/v2\/tags?post=3723"}],"curies":[{"name":"wp","href":"https:\/\/api.w.org\/{rel}","templated":true}]}}