{"id":3054,"date":"2023-05-07T17:56:29","date_gmt":"2023-05-07T15:56:29","guid":{"rendered":"http:\/\/cvl.ovh\/?p=3054"},"modified":"2023-05-07T17:57:53","modified_gmt":"2023-05-07T15:57:53","slug":"nous-sommes-rentres-ravis-de-notre-sejour-en-brenne","status":"publish","type":"post","link":"https:\/\/cvl.ovh\/index.php\/2023\/05\/07\/nous-sommes-rentres-ravis-de-notre-sejour-en-brenne\/","title":{"rendered":"Nous sommes rentr\u00e9s ravis de notre s\u00e9jour en Brenne"},"content":{"rendered":"\n<p>Dame m\u00e9t\u00e9o \u00e9tait avec nous pour ce s\u00e9jour au Village Vacances de Bellebouche du 1er au 6 mai !<\/p>\n\n\n\n<p>Hormis vendredi en d\u00e9but de matin\u00e9e o\u00f9 quelques pluies nous ont dissuad\u00e9s d&rsquo;aller rouler, nous avons profit\u00e9 d&rsquo;un beau temps pour d\u00e9couvrir cette r\u00e9gion du Centre<\/p>\n\n\n\n<p>En 3,5 jours nous avons atteint 450 km, sillonnant les \u00e9tangs de la Brenne, la campagne pas tr\u00e8s vallonn\u00e9e pour rallier Ch\u00e2teauroux, Argenton sur Creuse, Le Blanc, Saint Savin, Angles sur l&rsquo;Anglin &#8230; et prendre quelques clich\u00e9s de fermes fortifi\u00e9es, ch\u00e2teaux &#8230; assez nombreux dans cette r\u00e9gion proche de la Touraine<\/p>\n\n\n\n<p><a href=\"https:\/\/photos.app.goo.gl\/MbcuKHBXSLvqySU26\" target=\"_blank\" rel=\"noreferrer noopener\">Suivez ce lien<\/a> pour visionner les photos prises par les participants &#8230;. en esp\u00e9rant que d&rsquo;autres cyclos nous rejoindront l&rsquo;an prochain<\/p>\n","protected":false},"excerpt":{"rendered":"<p>Dame m\u00e9t\u00e9o \u00e9tait avec nous pour ce s\u00e9jour au Village Vacances de Bellebouche du 1er au 6 mai ! Hormis vendredi en d\u00e9but de matin\u00e9e o\u00f9 quelques pluies nous ont dissuad\u00e9s d&rsquo;aller rouler, nous avons profit\u00e9 d&rsquo;un beau temps pour d\u00e9couvrir cette r\u00e9gion du Centre En 3,5 jours nous avons atteint 450 km, sillonnant les &hellip; <a href=\"https:\/\/cvl.ovh\/index.php\/2023\/05\/07\/nous-sommes-rentres-ravis-de-notre-sejour-en-brenne\/\" class=\"more-link\">Continuer de lire <span class=\"screen-reader-text\">Nous sommes rentr\u00e9s ravis de notre s\u00e9jour en Brenne<\/span><\/a><\/p>\n","protected":false},"author":3,"featured_media":0,"comment_status":"open","ping_status":"open","sticky":false,"template":"","format":"standard","meta":{"_bbp_topic_count":0,"_bbp_reply_count":0,"_bbp_total_topic_count":0,"_bbp_total_reply_count":0,"_bbp_voice_count":0,"_bbp_anonymous_reply_count":0,"_bbp_topic_count_hidden":0,"_bbp_reply_count_hidden":0,"_bbp_forum_subforum_count":0,"footnotes":""},"categories":[1],"tags":[],"class_list":["post-3054","post","type-post","status-publish","format-standard","hentry","category-non-classe"],"_links":{"self":[{"href":"https:\/\/cvl.ovh\/index.php\/wp-json\/wp\/v2\/posts\/3054","targetHints":{"allow":["GET"]}}],"collection":[{"href":"https:\/\/cvl.ovh\/index.php\/wp-json\/wp\/v2\/posts"}],"about":[{"href":"https:\/\/cvl.ovh\/index.php\/wp-json\/wp\/v2\/types\/post"}],"author":[{"embeddable":true,"href":"https:\/\/cvl.ovh\/index.php\/wp-json\/wp\/v2\/users\/3"}],"replies":[{"embeddable":true,"href":"https:\/\/cvl.ovh\/index.php\/wp-json\/wp\/v2\/comments?post=3054"}],"version-history":[{"count":2,"href":"https:\/\/cvl.ovh\/index.php\/wp-json\/wp\/v2\/posts\/3054\/revisions"}],"predecessor-version":[{"id":3056,"href":"https:\/\/cvl.ovh\/index.php\/wp-json\/wp\/v2\/posts\/3054\/revisions\/3056"}],"wp:attachment":[{"href":"https:\/\/cvl.ovh\/index.php\/wp-json\/wp\/v2\/media?parent=3054"}],"wp:term":[{"taxonomy":"category","embeddable":true,"href":"https:\/\/cvl.ovh\/index.php\/wp-json\/wp\/v2\/categories?post=3054"},{"taxonomy":"post_tag","embeddable":true,"href":"https:\/\/cvl.ovh\/index.php\/wp-json\/wp\/v2\/tags?post=3054"}],"curies":[{"name":"wp","href":"https:\/\/api.w.org\/{rel}","templated":true}]}}